{"id":187,"date":"2021-07-04T20:29:00","date_gmt":"2021-07-04T20:29:00","guid":{"rendered":"https:\/\/lofl.asocars.org\/?p=187"},"modified":"2021-07-07T21:01:58","modified_gmt":"2021-07-07T21:01:58","slug":"proyecto-fao-asocars-lofl","status":"publish","type":"post","link":"https:\/\/asocars.org\/lofl\/proyecto-fao-asocars-lofl\/","title":{"rendered":"Acuerdo FAO &#8211; ASOCARS &#8211; SNTF"},"content":{"rendered":"\n<figure class=\"wp-block-image size-full\"><img fetchpriority=\"high\" decoding=\"async\" width=\"1402\" height=\"343\" src=\"https:\/\/asocars.org\/lofl\/wp-content\/uploads\/2021\/07\/Acuerdo-fao-1.png\" alt=\"\" class=\"wp-image-665\" srcset=\"https:\/\/asocars.org\/lofl\/wp-content\/uploads\/2021\/07\/Acuerdo-fao-1.png 1402w, https:\/\/asocars.org\/lofl\/wp-content\/uploads\/2021\/07\/Acuerdo-fao-1-300x73.png 300w, https:\/\/asocars.org\/lofl\/wp-content\/uploads\/2021\/07\/Acuerdo-fao-1-1024x251.png 1024w, https:\/\/asocars.org\/lofl\/wp-content\/uploads\/2021\/07\/Acuerdo-fao-1-768x188.png 768w, https:\/\/asocars.org\/lofl\/wp-content\/uploads\/2021\/07\/Acuerdo-fao-1-850x208.png 850w\" sizes=\"(max-width: 1402px) 100vw, 1402px\" \/><\/figure>\n\n\n\n<figure class=\"wp-block-embed-pdf-viewer-pdf wp-block-embed-pdf-viewer-pdf__content-wrapper\"><object class=\"embed-pdf-viewer\" data=\"https:\/\/asocars.org\/lofl\/wp-content\/uploads\/2020\/11\/Acuerdo-FAO-ASOCARSV2.pdf#scrollbar=1&amp;toolbar=1\" type=\"application\/pdf\" height=\"9320\" width=\"100%\"><\/object><iframe class=\"embed-pdf-viewer\" src=\"https:\/\/docs.google.com\/viewer?url=https%3A%2F%2Fasocars.org%2Flofl%2Fwp-content%2Fuploads%2F2020%2F11%2FAcuerdo-FAO-ASOCARS.pdf&amp;embedded=true\" frameborder=\"0\" height=\"600\" width=\"600\"><\/iframe><\/figure>\n\n\n\n<p>\u201cApoyo a la implementaci\u00f3n del Sistema Nacional de Trazabilidad Forestal de Colombia a trav\u00e9s de la participaci\u00f3n de las autoridades ambientales regionales y otros actores priorizados\u201d<\/p>\n","protected":false},"excerpt":{"rendered":"<p>\u201cApoyo a la implementaci\u00f3n del Sistema Nacional de Trazabilidad Forestal de Colombia a trav\u00e9s de la participaci\u00f3n de las autoridades ambientales regionales y otros actores priorizados\u201d<\/p>\n","protected":false},"author":1,"featured_media":251,"comment_status":"open","ping_status":"open","sticky":false,"template":"elementor_header_footer","format":"standard","meta":{"_monsterinsights_skip_tracking":false,"_monsterinsights_sitenote_active":false,"_monsterinsights_sitenote_note":"","_monsterinsights_sitenote_category":0,"ngg_post_thumbnail":0,"footnotes":""},"categories":[1],"tags":[],"class_list":["post-187","post","type-post","status-publish","format-standard","has-post-thumbnail","hentry","category-uncategorized"],"_links":{"self":[{"href":"https:\/\/asocars.org\/lofl\/wp-json\/wp\/v2\/posts\/187","targetHints":{"allow":["GET"]}}],"collection":[{"href":"https:\/\/asocars.org\/lofl\/wp-json\/wp\/v2\/posts"}],"about":[{"href":"https:\/\/asocars.org\/lofl\/wp-json\/wp\/v2\/types\/post"}],"author":[{"embeddable":true,"href":"https:\/\/asocars.org\/lofl\/wp-json\/wp\/v2\/users\/1"}],"replies":[{"embeddable":true,"href":"https:\/\/asocars.org\/lofl\/wp-json\/wp\/v2\/comments?post=187"}],"version-history":[{"count":35,"href":"https:\/\/asocars.org\/lofl\/wp-json\/wp\/v2\/posts\/187\/revisions"}],"predecessor-version":[{"id":667,"href":"https:\/\/asocars.org\/lofl\/wp-json\/wp\/v2\/posts\/187\/revisions\/667"}],"wp:featuredmedia":[{"embeddable":true,"href":"https:\/\/asocars.org\/lofl\/wp-json\/wp\/v2\/media\/251"}],"wp:attachment":[{"href":"https:\/\/asocars.org\/lofl\/wp-json\/wp\/v2\/media?parent=187"}],"wp:term":[{"taxonomy":"category","embeddable":true,"href":"https:\/\/asocars.org\/lofl\/wp-json\/wp\/v2\/categories?post=187"},{"taxonomy":"post_tag","embeddable":true,"href":"https:\/\/asocars.org\/lofl\/wp-json\/wp\/v2\/tags?post=187"}],"curies":[{"name":"wp","href":"https:\/\/api.w.org\/{rel}","templated":true}]}}